{"id":48818,"date":"2021-05-27T22:30:05","date_gmt":"2021-05-27T22:30:05","guid":{"rendered":"https:\/\/munielchalpeten.gob.gt\/web\/?p=48818"},"modified":"2021-05-27T22:30:19","modified_gmt":"2021-05-27T22:30:19","slug":"vivero-municipal-el-chal","status":"publish","type":"post","link":"https:\/\/munielchalpeten.gob.gt\/web\/2021\/05\/27\/vivero-municipal-el-chal\/","title":{"rendered":"VIVERO MUNICIPAL EL CHAL"},"content":{"rendered":"<p>[et_pb_section fb_built=\u00bb1&#8243; _builder_version=\u00bb3.22&#8243;][et_pb_row _builder_version=\u00bb3.25&#8243; background_size=\u00bbinitial\u00bb background_position=\u00bbtop_left\u00bb background_repeat=\u00bbrepeat\u00bb][et_pb_column type=\u00bb4_4&#8243; _builder_version=\u00bb3.25&#8243; custom_padding=\u00bb|||\u00bb custom_padding__hover=\u00bb|||\u00bb][et_pb_text _builder_version=\u00bb3.27.4&#8243; background_size=\u00bbinitial\u00bb background_position=\u00bbtop_left\u00bb background_repeat=\u00bbrepeat\u00bb]<\/p>\n<div class=\"o9v6fnle cxmmr5t8 oygrvhab hcukyx3x c1et5uql ii04i59q\">\n<div dir=\"auto\">El vivero es un conjunto de instalaciones que tiene como prop\u00f3sito fundamental la producci\u00f3n de plantas para abastecer las demandas de los programas de reforestaci\u00f3n.<\/div>\n<\/div>\n<div class=\"o9v6fnle cxmmr5t8 oygrvhab hcukyx3x c1et5uql ii04i59q\">\n<div dir=\"auto\">Los servidores municipales que laboran en el vivero municipal realizan la elaboraci\u00f3n de los bancos de germinaci\u00f3n, maquilaci\u00f3n de pilones y transplante de plantas de caoba cedro, cola de coche, Ram\u00f3n, Rosul Teca y melina.<\/div>\n<\/div>\n<div class=\"o9v6fnle cxmmr5t8 oygrvhab hcukyx3x c1et5uql ii04i59q\">\n<div dir=\"auto\">La Municipalidad de El Chal y el se\u00f1or Alcalde El\u00edas Calder\u00f3n Alvarez por medio del Vivero Municipal ubicado en el Barrio San Carlos del casco urbano municipal brindan asesor\u00eda y asistencia t\u00e9cnica a los huertos familiares que los vecinos realizan en sus hogares con el fin de elaborar y producir sus propios cultivos.<\/div>\n<\/div>\n<div class=\"o9v6fnle cxmmr5t8 oygrvhab hcukyx3x c1et5uql ii04i59q\">\n<div dir=\"auto\">Puedes solicitar tus pilones y asesor\u00eda t\u00e9cnica para tus huertos por medio de los grupos organizados o COCODES y visitar la oficina forestal ubicada en el interior del edifico municipal.<\/div>\n<\/div>\n<div class=\"o9v6fnle cxmmr5t8 oygrvhab hcukyx3x c1et5uql ii04i59q\">\n<div dir=\"auto\">Por un municipio diferente, Municipalidad de El Chal, Administraci\u00f3n 2020 &#8211; 2024.<\/div>\n<\/div>\n<p>[\/et_pb_text][et_pb_gallery gallery_ids=\u00bb48829,48830,48831,48832,48833,48834,48835,48836,48837&#8243; _builder_version=\u00bb4.2.2&#8243;][\/et_pb_gallery][\/et_pb_column][\/et_pb_row][\/et_pb_section]<\/p>\n","protected":false},"excerpt":{"rendered":"<p>[et_pb_section fb_built=\u00bb1&#8243; _builder_version=\u00bb3.22&#8243;][et_pb_row _builder_version=\u00bb3.25&#8243; background_size=\u00bbinitial\u00bb background_position=\u00bbtop_left\u00bb background_repeat=\u00bbrepeat\u00bb][et_pb_column type=\u00bb4_4&#8243; _builder_version=\u00bb3.25&#8243; custom_padding=\u00bb|||\u00bb custom_padding__hover=\u00bb|||\u00bb][et_pb_text _builder_version=\u00bb3.27.4&#8243; background_size=\u00bbinitial\u00bb background_position=\u00bbtop_left\u00bb background_repeat=\u00bbrepeat\u00bb] El vivero es un conjunto<\/p>\n","protected":false},"author":2,"featured_media":48830,"comment_status":"open","ping_status":"open","sticky":false,"template":"","format":"standard","meta":{"footnotes":""},"categories":[6],"tags":[],"class_list":["post-48818","post","type-post","status-publish","format-standard","has-post-thumbnail","hentry","category-noticias"],"_links":{"self":[{"href":"https:\/\/munielchalpeten.gob.gt\/web\/wp-json\/wp\/v2\/posts\/48818","targetHints":{"allow":["GET"]}}],"collection":[{"href":"https:\/\/munielchalpeten.gob.gt\/web\/wp-json\/wp\/v2\/posts"}],"about":[{"href":"https:\/\/munielchalpeten.gob.gt\/web\/wp-json\/wp\/v2\/types\/post"}],"author":[{"embeddable":true,"href":"https:\/\/munielchalpeten.gob.gt\/web\/wp-json\/wp\/v2\/users\/2"}],"replies":[{"embeddable":true,"href":"https:\/\/munielchalpeten.gob.gt\/web\/wp-json\/wp\/v2\/comments?post=48818"}],"version-history":[{"count":3,"href":"https:\/\/munielchalpeten.gob.gt\/web\/wp-json\/wp\/v2\/posts\/48818\/revisions"}],"predecessor-version":[{"id":48839,"href":"https:\/\/munielchalpeten.gob.gt\/web\/wp-json\/wp\/v2\/posts\/48818\/revisions\/48839"}],"wp:featuredmedia":[{"embeddable":true,"href":"https:\/\/munielchalpeten.gob.gt\/web\/wp-json\/wp\/v2\/media\/48830"}],"wp:attachment":[{"href":"https:\/\/munielchalpeten.gob.gt\/web\/wp-json\/wp\/v2\/media?parent=48818"}],"wp:term":[{"taxonomy":"category","embeddable":true,"href":"https:\/\/munielchalpeten.gob.gt\/web\/wp-json\/wp\/v2\/categories?post=48818"},{"taxonomy":"post_tag","embeddable":true,"href":"https:\/\/munielchalpeten.gob.gt\/web\/wp-json\/wp\/v2\/tags?post=48818"}],"curies":[{"name":"wp","href":"https:\/\/api.w.org\/{rel}","templated":true}]}}