{"id":48570,"date":"2021-03-08T22:18:36","date_gmt":"2021-03-08T22:18:36","guid":{"rendered":"https:\/\/munielchalpeten.gob.gt\/web\/?p=48570"},"modified":"2021-03-09T16:54:18","modified_gmt":"2021-03-09T16:54:18","slug":"dia-internacional-de-la-mujer","status":"publish","type":"post","link":"https:\/\/munielchalpeten.gob.gt\/web\/2021\/03\/08\/dia-internacional-de-la-mujer\/","title":{"rendered":"DIA INTERNACIONAL DE LA MUJER"},"content":{"rendered":"<p>[et_pb_section fb_built=\u00bb1&#8243; _builder_version=\u00bb3.22&#8243;][et_pb_row _builder_version=\u00bb3.25&#8243; background_size=\u00bbinitial\u00bb background_position=\u00bbtop_left\u00bb background_repeat=\u00bbrepeat\u00bb][et_pb_column type=\u00bb4_4&#8243; _builder_version=\u00bb3.25&#8243; custom_padding=\u00bb|||\u00bb custom_padding__hover=\u00bb|||\u00bb][et_pb_text _builder_version=\u00bb4.2.2&#8243; background_size=\u00bbinitial\u00bb background_position=\u00bbtop_left\u00bb background_repeat=\u00bbrepeat\u00bb hover_enabled=\u00bb0&#8243;]<\/p>\n<div class=\"o9v6fnle cxmmr5t8 oygrvhab hcukyx3x c1et5uql ii04i59q\">\n<div dir=\"auto\">Por ser la Maravilla m\u00e1s grande de la creaci\u00f3n, porque con s\u00f3lo una sonrisa pueden alegrar el d\u00eda de muchas personas, por no tener barreras ni l\u00edmites, feliz d\u00eda mujer.<\/div>\n<\/div>\n<div class=\"o9v6fnle cxmmr5t8 oygrvhab hcukyx3x c1et5uql ii04i59q\">\n<div dir=\"auto\">Este 8 de Marzo se conmemora el D\u00eda internacional de la mujer, el se\u00f1or Alcalde Municipal, El\u00edas Calder\u00f3n Alvarez y su honorable Concejo Municipal, felicitan a todas aquellas mujeres del campo, amas de casa, profesionales, que d\u00eda con d\u00eda, sonr\u00eden quieren y luchan por el bienestar de sus hogares.<\/div>\n<\/div>\n<div class=\"o9v6fnle cxmmr5t8 oygrvhab hcukyx3x c1et5uql ii04i59q\">\n<div dir=\"auto\">Reafirmamos nuestro compromiso de continuar ejecutando, obras, proyectos y talleres en pro del beneficio y desarrollo de la mujer chalence.<\/div>\n<div dir=\"auto\">\u00a0<\/div>\n<\/div>\n<div dir=\"auto\">\n<div class=\"o9v6fnle cxmmr5t8 oygrvhab hcukyx3x c1et5uql ii04i59q\">\n<div dir=\"auto\">La Municipalidad de El Chal y el se\u00f1or Alcalde El\u00edas Calder\u00f3n Alvarez por medio de la Direcci\u00f3n Municipal de la mujer &#8211; DMM &#8211; llev\u00f3 a cabo \u00e9ste lunes 8 de Marzo la conmemoraci\u00f3n del D\u00eda Internacional de la Mujer, acto solemne celebrado en el Interior del sal\u00f3n municipal.<\/div>\n<\/div>\n<div class=\"o9v6fnle cxmmr5t8 oygrvhab hcukyx3x c1et5uql ii04i59q\">\n<div dir=\"auto\">La DMM inici\u00f3 la conmemoraci\u00f3n de este d\u00eda tan especial, con una peque\u00f1a caminata en la cual participaron decenas de mujeres de diferentes organizaciones y comunidades de nuestro municipio de El Chal encabezadas por la esposa del Se\u00f1or Alcalde Municipal, Rosa Amelia Castillo.<\/div>\n<div dir=\"auto\">\u00a0<\/div>\n<\/div>\n<div class=\"o9v6fnle cxmmr5t8 oygrvhab hcukyx3x c1et5uql ii04i59q\">\n<div dir=\"auto\">Las mujeres chalences decidieron hacer parte de esta conmemoraci\u00f3n para dejar en la historia el precedente del papel tan importante de la mujer en la vida p\u00fablica, social, comunitaria y familiar, el cual es trascendental para la transformaci\u00f3n y el buen vivir de nuestro municipio de El Chal.<\/div>\n<div dir=\"auto\">\u00a0<\/div>\n<\/div>\n<div class=\"o9v6fnle cxmmr5t8 oygrvhab hcukyx3x c1et5uql ii04i59q\">\n<div dir=\"auto\">Este evento m\u00e1s que un d\u00eda festivo, tiene como fin hacer visible los derechos de las mujeres y exigir a las autoridades la lucha contra la violencia f\u00edsica, psicol\u00f3gica y emocional que hoy en d\u00eda sufren las mujeres.<\/div>\n<\/div>\n<div class=\"o9v6fnle cxmmr5t8 oygrvhab hcukyx3x c1et5uql ii04i59q\">\n<div dir=\"auto\">El lider de \u00e9sta comuna, El\u00edas Calder\u00f3n Alvarez agradeci\u00f3 la asistencia de la mujer chalence y resalt\u00f3 la ardua labor que realiza la mujer en nuestro municipio de El Chal.<\/div>\n<\/div>\n<div class=\"o9v6fnle cxmmr5t8 oygrvhab hcukyx3x c1et5uql ii04i59q\">\n<div dir=\"auto\">El jefe edil, exhort\u00f3 a las mujeres presentes a luchar por sus sue\u00f1os y metas, el Alcalde Municipal compartio un peque\u00f1o refrigerio el cual reparti\u00f3 personalmente a las asistentes.<\/div>\n<\/div>\n<\/div>\n<div dir=\"auto\">\u00a0<\/div>\n<div class=\"o9v6fnle cxmmr5t8 oygrvhab hcukyx3x c1et5uql ii04i59q\">\n<div dir=\"auto\">Por un municipio diferente, municipalidad de El Chal, administraci\u00f3n 2020 &#8211; 2024.<\/div>\n<div dir=\"auto\">\u00a0<\/div>\n<\/div>\n<p>[\/et_pb_text][et_pb_gallery gallery_ids=\u00bb48579,48580,48581,48582,48583,48584,48585,48586,48587,48588,48589,48590,48591,48592,48593,48594,48595,48596,48597&#8243; _builder_version=\u00bb4.2.2&#8243; hover_enabled=\u00bb0&#8243;][\/et_pb_gallery][\/et_pb_column][\/et_pb_row][\/et_pb_section]<\/p>\n","protected":false},"excerpt":{"rendered":"<p>[et_pb_section fb_built=\u00bb1&#8243; _builder_version=\u00bb3.22&#8243;][et_pb_row _builder_version=\u00bb3.25&#8243; background_size=\u00bbinitial\u00bb background_position=\u00bbtop_left\u00bb background_repeat=\u00bbrepeat\u00bb][et_pb_column type=\u00bb4_4&#8243; _builder_version=\u00bb3.25&#8243; custom_padding=\u00bb|||\u00bb custom_padding__hover=\u00bb|||\u00bb][et_pb_text _builder_version=\u00bb4.2.2&#8243; background_size=\u00bbinitial\u00bb background_position=\u00bbtop_left\u00bb background_repeat=\u00bbrepeat\u00bb hover_enabled=\u00bb0&#8243;] Por ser la Maravilla<\/p>\n","protected":false},"author":2,"featured_media":48579,"comment_status":"open","ping_status":"open","sticky":false,"template":"","format":"standard","meta":{"footnotes":""},"categories":[6],"tags":[],"class_list":["post-48570","post","type-post","status-publish","format-standard","has-post-thumbnail","hentry","category-noticias"],"_links":{"self":[{"href":"https:\/\/munielchalpeten.gob.gt\/web\/wp-json\/wp\/v2\/posts\/48570","targetHints":{"allow":["GET"]}}],"collection":[{"href":"https:\/\/munielchalpeten.gob.gt\/web\/wp-json\/wp\/v2\/posts"}],"about":[{"href":"https:\/\/munielchalpeten.gob.gt\/web\/wp-json\/wp\/v2\/types\/post"}],"author":[{"embeddable":true,"href":"https:\/\/munielchalpeten.gob.gt\/web\/wp-json\/wp\/v2\/users\/2"}],"replies":[{"embeddable":true,"href":"https:\/\/munielchalpeten.gob.gt\/web\/wp-json\/wp\/v2\/comments?post=48570"}],"version-history":[{"count":5,"href":"https:\/\/munielchalpeten.gob.gt\/web\/wp-json\/wp\/v2\/posts\/48570\/revisions"}],"predecessor-version":[{"id":48598,"href":"https:\/\/munielchalpeten.gob.gt\/web\/wp-json\/wp\/v2\/posts\/48570\/revisions\/48598"}],"wp:featuredmedia":[{"embeddable":true,"href":"https:\/\/munielchalpeten.gob.gt\/web\/wp-json\/wp\/v2\/media\/48579"}],"wp:attachment":[{"href":"https:\/\/munielchalpeten.gob.gt\/web\/wp-json\/wp\/v2\/media?parent=48570"}],"wp:term":[{"taxonomy":"category","embeddable":true,"href":"https:\/\/munielchalpeten.gob.gt\/web\/wp-json\/wp\/v2\/categories?post=48570"},{"taxonomy":"post_tag","embeddable":true,"href":"https:\/\/munielchalpeten.gob.gt\/web\/wp-json\/wp\/v2\/tags?post=48570"}],"curies":[{"name":"wp","href":"https:\/\/api.w.org\/{rel}","templated":true}]}}