{"id":47970,"date":"2020-11-23T17:38:43","date_gmt":"2020-11-23T17:38:43","guid":{"rendered":"https:\/\/munielchalpeten.gob.gt\/web\/?p=47970"},"modified":"2020-11-23T17:45:20","modified_gmt":"2020-11-23T17:45:20","slug":"tren-de-aseo-municipal","status":"publish","type":"post","link":"https:\/\/munielchalpeten.gob.gt\/web\/2020\/11\/23\/tren-de-aseo-municipal\/","title":{"rendered":"TREN DE ASEO MUNICIPAL"},"content":{"rendered":"<p>[et_pb_section fb_built=\u00bb1&#8243; _builder_version=\u00bb3.22&#8243;][et_pb_row _builder_version=\u00bb3.25&#8243; background_size=\u00bbinitial\u00bb background_position=\u00bbtop_left\u00bb background_repeat=\u00bbrepeat\u00bb][et_pb_column type=\u00bb4_4&#8243; _builder_version=\u00bb3.25&#8243; custom_padding=\u00bb|||\u00bb custom_padding__hover=\u00bb|||\u00bb][et_pb_text _builder_version=\u00bb4.2.2&#8243; background_size=\u00bbinitial\u00bb background_position=\u00bbtop_left\u00bb background_repeat=\u00bbrepeat\u00bb]<\/p>\n<div class=\"o9v6fnle cxmmr5t8 oygrvhab hcukyx3x c1et5uql ii04i59q\">\n<div dir=\"auto\">La Municipalidad de El Chal y el se\u00f1or Alcalde El\u00edas Calder\u00f3n \u00c1lvarez, por medio de la Unidad de Gesti\u00f3n Ambiental Municipal (UGAM)<\/div>\n<\/div>\n<div class=\"o9v6fnle cxmmr5t8 oygrvhab hcukyx3x c1et5uql ii04i59q\">\n<div dir=\"auto\">Hace de conocimiento a los vecinos del casco urbano municipal, que est\u00e1 semana se estara iniciando con el TREN DE ASEO MUNICIPAL en los 4 barrios que componen la cabecera municipal.<\/div>\n<\/div>\n<div class=\"o9v6fnle cxmmr5t8 oygrvhab hcukyx3x c1et5uql ii04i59q\">\n<div dir=\"auto\">Por lo tanto, solicitamos su apoyo, sacando la basura no org\u00e1nica a orillas de su vivienda, para poder recogerla en la unidad movil y trasladarla hacia el basurero municipal.<\/div>\n<\/div>\n<div class=\"o9v6fnle cxmmr5t8 oygrvhab hcukyx3x c1et5uql ii04i59q\">\n<div dir=\"auto\">La unidad m\u00f3vil y personal municipal se estar\u00e1n trasladando a los barrios del casco urbano en el siguiente orden:<\/div>\n<\/div>\n<div class=\"o9v6fnle cxmmr5t8 oygrvhab hcukyx3x c1et5uql ii04i59q\">\n<div dir=\"auto\">&gt;Martes 24 de Noviembre<\/div>\n<div dir=\"auto\">*Barrio El Para\u00edso<\/div>\n<\/div>\n<div class=\"o9v6fnle cxmmr5t8 oygrvhab hcukyx3x c1et5uql ii04i59q\">\n<div dir=\"auto\">&gt;Mi\u00e9rcoles 25 de Noviembre<\/div>\n<div dir=\"auto\">*Barrio El Milagro<\/div>\n<\/div>\n<div class=\"o9v6fnle cxmmr5t8 oygrvhab hcukyx3x c1et5uql ii04i59q\">\n<div dir=\"auto\">&gt;Jueves 26 de Noviembre<\/div>\n<div dir=\"auto\">*Barrio San Jos\u00e9<\/div>\n<div dir=\"auto\">*Barrio San Carlos<\/div>\n<\/div>\n<div class=\"o9v6fnle cxmmr5t8 oygrvhab hcukyx3x c1et5uql ii04i59q\">\n<div dir=\"auto\">Gracias por su apoyo, les recordamos que cuidar el medio ambiente, es compromiso de todos.<\/div>\n<\/div>\n<div class=\"o9v6fnle cxmmr5t8 oygrvhab hcukyx3x c1et5uql ii04i59q\">\n<div dir=\"auto\">Por un municipio diferente, Municipalidad de El Chal, Administraci\u00f3n 2020 &#8211; 2024.<\/div>\n<div dir=\"auto\">\u00a0<\/div>\n<\/div>\n<p>[\/et_pb_text][\/et_pb_column][\/et_pb_row][\/et_pb_section]<\/p>\n","protected":false},"excerpt":{"rendered":"<p>[et_pb_section fb_built=\u00bb1&#8243; _builder_version=\u00bb3.22&#8243;][et_pb_row _builder_version=\u00bb3.25&#8243; background_size=\u00bbinitial\u00bb background_position=\u00bbtop_left\u00bb background_repeat=\u00bbrepeat\u00bb][et_pb_column type=\u00bb4_4&#8243; _builder_version=\u00bb3.25&#8243; custom_padding=\u00bb|||\u00bb custom_padding__hover=\u00bb|||\u00bb][et_pb_text _builder_version=\u00bb4.2.2&#8243; background_size=\u00bbinitial\u00bb background_position=\u00bbtop_left\u00bb background_repeat=\u00bbrepeat\u00bb] La Municipalidad de El Chal<\/p>\n","protected":false},"author":2,"featured_media":47973,"comment_status":"open","ping_status":"open","sticky":false,"template":"","format":"standard","meta":{"footnotes":""},"categories":[6],"tags":[],"class_list":["post-47970","post","type-post","status-publish","format-standard","has-post-thumbnail","hentry","category-noticias"],"_links":{"self":[{"href":"https:\/\/munielchalpeten.gob.gt\/web\/wp-json\/wp\/v2\/posts\/47970","targetHints":{"allow":["GET"]}}],"collection":[{"href":"https:\/\/munielchalpeten.gob.gt\/web\/wp-json\/wp\/v2\/posts"}],"about":[{"href":"https:\/\/munielchalpeten.gob.gt\/web\/wp-json\/wp\/v2\/types\/post"}],"author":[{"embeddable":true,"href":"https:\/\/munielchalpeten.gob.gt\/web\/wp-json\/wp\/v2\/users\/2"}],"replies":[{"embeddable":true,"href":"https:\/\/munielchalpeten.gob.gt\/web\/wp-json\/wp\/v2\/comments?post=47970"}],"version-history":[{"count":4,"href":"https:\/\/munielchalpeten.gob.gt\/web\/wp-json\/wp\/v2\/posts\/47970\/revisions"}],"predecessor-version":[{"id":47979,"href":"https:\/\/munielchalpeten.gob.gt\/web\/wp-json\/wp\/v2\/posts\/47970\/revisions\/47979"}],"wp:featuredmedia":[{"embeddable":true,"href":"https:\/\/munielchalpeten.gob.gt\/web\/wp-json\/wp\/v2\/media\/47973"}],"wp:attachment":[{"href":"https:\/\/munielchalpeten.gob.gt\/web\/wp-json\/wp\/v2\/media?parent=47970"}],"wp:term":[{"taxonomy":"category","embeddable":true,"href":"https:\/\/munielchalpeten.gob.gt\/web\/wp-json\/wp\/v2\/categories?post=47970"},{"taxonomy":"post_tag","embeddable":true,"href":"https:\/\/munielchalpeten.gob.gt\/web\/wp-json\/wp\/v2\/tags?post=47970"}],"curies":[{"name":"wp","href":"https:\/\/api.w.org\/{rel}","templated":true}]}}