{"id":46741,"date":"2020-04-14T18:07:34","date_gmt":"2020-04-14T18:07:34","guid":{"rendered":"http:\/\/munielchalpeten.gob.gt\/web\/?p=46741"},"modified":"2020-04-14T18:15:49","modified_gmt":"2020-04-14T18:15:49","slug":"uso-obligatorio-de-mascarilla","status":"publish","type":"post","link":"https:\/\/munielchalpeten.gob.gt\/web\/2020\/04\/14\/uso-obligatorio-de-mascarilla\/","title":{"rendered":"USO OBLIGATORIO DE MASCARILLA"},"content":{"rendered":"<p>La Municipalidad de El Chal, Pet\u00e9n, dirigida por El Alcalde El\u00edas Calder\u00f3n Alvarez, hace de su conocimiento la informaci\u00f3n relacionada al Uso de Mascarilla obligatorio ya que es una medida de prevenci\u00f3n para evitar la propagaci\u00f3n del COVID-19.<\/p>\n<p>El presidente Alejandro Giammattei inform\u00f3 que el uso de la mascarilla es obligatorio para estar en la v\u00eda p\u00fablica a partir del lunes 13 de abril.<\/p>\n<p>El mandatario emiti\u00f3 un mensaje a la naci\u00f3n junto al Comit\u00e9 de Emergencias del pa\u00eds, integrado por varias instituciones.<\/p>\n<p class=\"has-text-align-center\"><strong>\u201cEl lunes -13 de abril- todo aquel que anda en la calle va tener que usar mascarilla\u201d, explic\u00f3 el mandatario.<\/strong><\/p>\n<p>El Presidente Giammattei dijo que el que no use la mascarilla pone en riesgo a la poblaci\u00f3n y ser\u00e1 sujeto a multa y sanci\u00f3n.<\/p>\n<p>Prot\u00e9gete T\u00fa y Tu Familia Usando Mascarilla para prevenir mas contagios del COVID-19<\/p>\n<p>El jefe de Gobierno tambi\u00e9n dijo que las empresas que quiera abrir sus negocios, si las restricciones siguen como ahora y no se agravan, deben ayudar a que sus clientes tengan mascarilla.<\/p>\n<p>Las medida es por las largas filas de personas en agencias bancarias, supermercados y otros comercios similares.<\/p>\n<p>\u201cLa mascarilla va ser obligaci\u00f3n en los pr\u00f3ximos meses\u201c, a\u00f1adi\u00f3 el presidente.<\/p>\n<p style=\"text-align: center\"><strong>POR LA DEMOCRACIA, EL DESARROLLO INTEGRAL Y LA PAZ<\/strong><\/p>\n<p style=\"text-align: center\"><strong>MUNICIPALIDAD DE EL CHAL, PET\u00c9N.<\/strong><\/p>\n<p style=\"text-align: center\"><strong>JUNTOS SALDREMOS ADELANTE<\/strong><\/p>\n<p><img decoding=\"async\" class=\"aligncenter lazyload\" data-src=\"https:\/\/image.freepik.com\/vector-gratis\/dibujos-animados-lindo-coronavirus-covid-19-familia-mascara_39961-1866.jpg\" alt=\"Dibujos animados lindo coronavirus, covid-19, familia y m\u00e1scara ...\" src=\"data:image\/svg+xml;base64,PHN2ZyB3aWR0aD0iMSIgaGVpZ2h0PSIxIiB4bWxucz0iaHR0cDovL3d3dy53My5vcmcvMjAwMC9zdmciPjwvc3ZnPg==\" \/><\/p>\n","protected":false},"excerpt":{"rendered":"<p>La Municipalidad de El Chal, Pet\u00e9n, dirigida por El Alcalde El\u00edas Calder\u00f3n Alvarez, hace de su conocimiento la informaci\u00f3n relacionada<\/p>\n","protected":false},"author":2,"featured_media":0,"comment_status":"open","ping_status":"open","sticky":false,"template":"","format":"standard","meta":{"footnotes":""},"categories":[6],"tags":[],"class_list":["post-46741","post","type-post","status-publish","format-standard","hentry","category-noticias"],"_links":{"self":[{"href":"https:\/\/munielchalpeten.gob.gt\/web\/wp-json\/wp\/v2\/posts\/46741","targetHints":{"allow":["GET"]}}],"collection":[{"href":"https:\/\/munielchalpeten.gob.gt\/web\/wp-json\/wp\/v2\/posts"}],"about":[{"href":"https:\/\/munielchalpeten.gob.gt\/web\/wp-json\/wp\/v2\/types\/post"}],"author":[{"embeddable":true,"href":"https:\/\/munielchalpeten.gob.gt\/web\/wp-json\/wp\/v2\/users\/2"}],"replies":[{"embeddable":true,"href":"https:\/\/munielchalpeten.gob.gt\/web\/wp-json\/wp\/v2\/comments?post=46741"}],"version-history":[{"count":3,"href":"https:\/\/munielchalpeten.gob.gt\/web\/wp-json\/wp\/v2\/posts\/46741\/revisions"}],"predecessor-version":[{"id":46744,"href":"https:\/\/munielchalpeten.gob.gt\/web\/wp-json\/wp\/v2\/posts\/46741\/revisions\/46744"}],"wp:attachment":[{"href":"https:\/\/munielchalpeten.gob.gt\/web\/wp-json\/wp\/v2\/media?parent=46741"}],"wp:term":[{"taxonomy":"category","embeddable":true,"href":"https:\/\/munielchalpeten.gob.gt\/web\/wp-json\/wp\/v2\/categories?post=46741"},{"taxonomy":"post_tag","embeddable":true,"href":"https:\/\/munielchalpeten.gob.gt\/web\/wp-json\/wp\/v2\/tags?post=46741"}],"curies":[{"name":"wp","href":"https:\/\/api.w.org\/{rel}","templated":true}]}}