{"id":2506,"date":"2019-06-07T20:35:09","date_gmt":"2019-06-07T20:35:09","guid":{"rendered":"https:\/\/munielchalpeten.gob.gt\/web\/?p=2506"},"modified":"2019-06-07T21:01:50","modified_gmt":"2019-06-07T21:01:50","slug":"por-un-municipio-mas-verde-el-chal-se-hace-presente","status":"publish","type":"post","link":"https:\/\/munielchalpeten.gob.gt\/web\/2019\/06\/07\/por-un-municipio-mas-verde-el-chal-se-hace-presente\/","title":{"rendered":"POR UN MUNICIPIO MAS VERDE, EL CHAL SE HACE PRESENTE"},"content":{"rendered":"<p>[et_pb_section admin_label=\u00bbsection\u00bb][et_pb_row admin_label=\u00bbrow\u00bb][et_pb_column type=\u00bb4_4&#8243;][et_pb_text admin_label=\u00bbTexto\u00bb background_layout=\u00bblight\u00bb text_orientation=\u00bbleft\u00bb use_border_color=\u00bboff\u00bb border_color=\u00bb#ffffff\u00bb border_style=\u00bbsolid\u00bb]<\/p>\n<p>El d\u00eda de ayer seis de junio del a\u00f1o 2019 se Inicio con la Reforestaci\u00f3n en nuestro bello Municipio de El Chal, Pet\u00e9n, sembrando aproximadamente 700 arbolitos en el \u00e1rea del Antiguo destacamento y en el sitio Arqueol\u00f3gico de la cabecera Municipal, Actividad que se llevo a cabo con el apoyo de los representantes del Concejo Municipal, Personal Municipal, Instituto Nacional de Bosques INAB, Ministerio de Ambiente y Recursos Naturales MARN, Personal del Centro de Salud, y Estudiantes de la Escuela Primaria del Barrio San Jos\u00e9, Instituto Mixto de Educaci\u00f3n B\u00e1sica Por Cooperativa \u00abVictor Manuel Juarez Obando\u00bb Instituto Nacional de Educaci\u00f3n B\u00e1sica INEB, Instituto Nacional de Educaci\u00f3n Diversificado INED y El\u00a0 Centro Educativo T\u00e9cnico P\u00f3rtillo.<\/p>\n<p>Actualmente, en nuestro planeta, vamos perdiendo a\u00f1o tras a\u00f1o grandes masas forestales, como consecuencia de la deforestaci\u00f3n o de la destrucci\u00f3n forestal. Estos bosques cumplen importantes funciones en los ecosistemas, como servir de h\u00e1bitat para las diversas especies o mitigar los efectos del calentamiento global. Observando\u00a0 la Situaci\u00f3n en la que nos encontramos,\u00a0surge la importante necesidad de reforestaci\u00f3n del territorio para frenar est\u00e1 p\u00e9rdida de ecosistemas y detener el gran deterioro que est\u00e1 teniendo el planeta.<\/p>\n<p style=\"text-align: center\"><strong>CUIDAR Y PROTEGER EL MEDIO AMBIENTE ES TAREA DE TODOS<\/strong><\/p>\n<p style=\"text-align: center\">Por la Democracia, El Desarrollo Integral y la Paz.<\/p>\n<p>[\/et_pb_text][et_pb_gallery admin_label=\u00bbGaler\u00eda\u00bb gallery_ids=\u00bb2507,2508,2509,2510,2511,2512,2513&#8243; fullwidth=\u00bboff\u00bb posts_number=\u00bb8&#8243; show_title_and_caption=\u00bboff\u00bb show_pagination=\u00bbon\u00bb background_layout=\u00bblight\u00bb auto=\u00bboff\u00bb hover_overlay_color=\u00bbrgba(255,255,255,0.9)\u00bb caption_all_caps=\u00bboff\u00bb use_border_color=\u00bboff\u00bb border_color=\u00bb#ffffff\u00bb border_style=\u00bbsolid\u00bb]<br \/>\n[\/et_pb_gallery][\/et_pb_column][\/et_pb_row][\/et_pb_section]<\/p>\n","protected":false},"excerpt":{"rendered":"<p>[et_pb_section admin_label=\u00bbsection\u00bb][et_pb_row admin_label=\u00bbrow\u00bb][et_pb_column type=\u00bb4_4&#8243;][et_pb_text admin_label=\u00bbTexto\u00bb background_layout=\u00bblight\u00bb text_orientation=\u00bbleft\u00bb use_border_color=\u00bboff\u00bb border_color=\u00bb#ffffff\u00bb border_style=\u00bbsolid\u00bb] El d\u00eda de ayer seis de junio del a\u00f1o 2019<\/p>\n","protected":false},"author":2,"featured_media":2512,"comment_status":"closed","ping_status":"closed","sticky":false,"template":"","format":"standard","meta":{"footnotes":""},"categories":[6],"tags":[],"class_list":["post-2506","post","type-post","status-publish","format-standard","has-post-thumbnail","hentry","category-noticias"],"_links":{"self":[{"href":"https:\/\/munielchalpeten.gob.gt\/web\/wp-json\/wp\/v2\/posts\/2506","targetHints":{"allow":["GET"]}}],"collection":[{"href":"https:\/\/munielchalpeten.gob.gt\/web\/wp-json\/wp\/v2\/posts"}],"about":[{"href":"https:\/\/munielchalpeten.gob.gt\/web\/wp-json\/wp\/v2\/types\/post"}],"author":[{"embeddable":true,"href":"https:\/\/munielchalpeten.gob.gt\/web\/wp-json\/wp\/v2\/users\/2"}],"replies":[{"embeddable":true,"href":"https:\/\/munielchalpeten.gob.gt\/web\/wp-json\/wp\/v2\/comments?post=2506"}],"version-history":[{"count":3,"href":"https:\/\/munielchalpeten.gob.gt\/web\/wp-json\/wp\/v2\/posts\/2506\/revisions"}],"predecessor-version":[{"id":2516,"href":"https:\/\/munielchalpeten.gob.gt\/web\/wp-json\/wp\/v2\/posts\/2506\/revisions\/2516"}],"wp:featuredmedia":[{"embeddable":true,"href":"https:\/\/munielchalpeten.gob.gt\/web\/wp-json\/wp\/v2\/media\/2512"}],"wp:attachment":[{"href":"https:\/\/munielchalpeten.gob.gt\/web\/wp-json\/wp\/v2\/media?parent=2506"}],"wp:term":[{"taxonomy":"category","embeddable":true,"href":"https:\/\/munielchalpeten.gob.gt\/web\/wp-json\/wp\/v2\/categories?post=2506"},{"taxonomy":"post_tag","embeddable":true,"href":"https:\/\/munielchalpeten.gob.gt\/web\/wp-json\/wp\/v2\/tags?post=2506"}],"curies":[{"name":"wp","href":"https:\/\/api.w.org\/{rel}","templated":true}]}}