{"id":1641,"date":"2018-06-07T17:27:28","date_gmt":"2018-06-07T17:27:28","guid":{"rendered":"https:\/\/munielchalpeten.gob.gt\/web\/?p=1641"},"modified":"2024-08-02T16:00:41","modified_gmt":"2024-08-02T16:00:41","slug":"el-chal-se-solidariza-con-los-damnificados-por-el-volcan-de-fuego","status":"publish","type":"post","link":"https:\/\/munielchalpeten.gob.gt\/web\/2018\/06\/07\/el-chal-se-solidariza-con-los-damnificados-por-el-volcan-de-fuego\/","title":{"rendered":"El Chal, se solidariza con los damnificados por el Volc\u00e1n de Fuego"},"content":{"rendered":"<p>El Se\u00f1or Alcalde, Concejo y empleados de la Municipalidad nos solidarizamos con todas las v\u00edctimas de la erupci\u00f3n del Volc\u00e1n de Fuego.<\/p>\n<p>Se habilit\u00f3 un centro de acopio en el sal\u00f3n de usos m\u00faltiples de esta cabecera municipal y as\u00ed poder recolectar v\u00edveres y dem\u00e1s productos requeridos por la Coordinadora Nacional para la Reducci\u00f3n de Desastres (CONRED). En esta labor estuvo involucrado el personal de la Municipalidad y personas que amablemente se acercaron para aportar su granito de arena.<\/p>\n<p>Agradecemos de todo coraz\u00f3n a todas las personas del municipio y lugares aleda\u00f1os que, sin importar la dureza del clima, se acercaron al centro de acopio a entregar su colaboraci\u00f3n. Sin duda alguna esto demuestra una vez m\u00e1s que el pueblo de El Chal, es solidario con nuestros hermanos que sufrieron en carne propia las inclemencias de la naturaleza.<\/p>\n<p>Todos los productos recolectados fueron debidamente clasificados y entregados al ente encargado, el cual tiene como objeto principal, hacer llegar de inmediato todo lo recolectado a las personas necesitadas.<\/p>\n<p>Una vez m\u00e1s, reiteramos nuestros agradecimientos a todas las personas, empresas y centros educativos p\u00fablicos y privados que colaboraron de forma incondicional a esta noble causa, como dice el dicho, hoy por m\u00ed, ma\u00f1ana por ti.<\/p>\n<p><em>\u00abPor la democracia, el desarrollo integral y la paz\u00bb.<\/em><\/p>\n","protected":false},"excerpt":{"rendered":"<p>El Se\u00f1or Alcalde, Concejo y empleados de la Municipalidad nos solidarizamos con todas las v\u00edctimas de la erupci\u00f3n del Volc\u00e1n<\/p>\n","protected":false},"author":9,"featured_media":1643,"comment_status":"open","ping_status":"open","sticky":false,"template":"","format":"standard","meta":{"footnotes":""},"categories":[6],"tags":[],"class_list":["post-1641","post","type-post","status-publish","format-standard","has-post-thumbnail","hentry","category-noticias"],"_links":{"self":[{"href":"https:\/\/munielchalpeten.gob.gt\/web\/wp-json\/wp\/v2\/posts\/1641","targetHints":{"allow":["GET"]}}],"collection":[{"href":"https:\/\/munielchalpeten.gob.gt\/web\/wp-json\/wp\/v2\/posts"}],"about":[{"href":"https:\/\/munielchalpeten.gob.gt\/web\/wp-json\/wp\/v2\/types\/post"}],"author":[{"embeddable":true,"href":"https:\/\/munielchalpeten.gob.gt\/web\/wp-json\/wp\/v2\/users\/9"}],"replies":[{"embeddable":true,"href":"https:\/\/munielchalpeten.gob.gt\/web\/wp-json\/wp\/v2\/comments?post=1641"}],"version-history":[{"count":4,"href":"https:\/\/munielchalpeten.gob.gt\/web\/wp-json\/wp\/v2\/posts\/1641\/revisions"}],"predecessor-version":[{"id":54870,"href":"https:\/\/munielchalpeten.gob.gt\/web\/wp-json\/wp\/v2\/posts\/1641\/revisions\/54870"}],"wp:featuredmedia":[{"embeddable":true,"href":"https:\/\/munielchalpeten.gob.gt\/web\/wp-json\/wp\/v2\/media\/1643"}],"wp:attachment":[{"href":"https:\/\/munielchalpeten.gob.gt\/web\/wp-json\/wp\/v2\/media?parent=1641"}],"wp:term":[{"taxonomy":"category","embeddable":true,"href":"https:\/\/munielchalpeten.gob.gt\/web\/wp-json\/wp\/v2\/categories?post=1641"},{"taxonomy":"post_tag","embeddable":true,"href":"https:\/\/munielchalpeten.gob.gt\/web\/wp-json\/wp\/v2\/tags?post=1641"}],"curies":[{"name":"wp","href":"https:\/\/api.w.org\/{rel}","templated":true}]}}